{"id":2793,"date":"2020-03-18T21:43:34","date_gmt":"2020-03-18T20:43:34","guid":{"rendered":"http:\/\/fitnessplanet-wernau.de\/?p=2793"},"modified":"2020-03-18T21:53:46","modified_gmt":"2020-03-18T20:53:46","slug":"behoerdlich-angeordnete-voruebergehende-studioschliessung-wegen-des-coronavirus-sars-cov-2-2","status":"publish","type":"post","link":"https:\/\/fitnessplanet-wernau.de\/?p=2793","title":{"rendered":"Beh\u00f6rdlich angeordnete vor\u00fcbergehende Studioschlie\u00dfung wegen des Coronavirus (SARS-CoV-2)"},"content":{"rendered":"\n<p><strong>Landesregierung beschlie\u00dft Ma\u00dfnahmen gegen die Ausbreitung des Coronavirus!<\/strong><\/p>\n\n\n<p>Liebes Mitglied,<\/p>\n\n\n<p>die Landesregierung hat in einer erneuten Rechtsverordnung die infektionssch\u00fctzende Ma\u00dfnahmen angepasst. Die neuen Regelungen gelten ab Mittwoch, den 18. M\u00e4rz 2020. Um die weitere Ausbreitung des Corona-Virus zu verlangsamen<strong>, werden Einrichtungen und Gesch\u00e4fte in gro\u00dfem Umfang geschlossen!<\/strong><\/p>\n\n\n<p><strong>Der Betrieb verschiedensten Einrichtungen (dies betrifft u. a. auch alle Fitnessstudios) sind nun bis <u>19. April 2020 untersagt<\/u>. <\/strong>In der ersten Verordnung wurde dieses Datum offengelassen&#8230; Die Verordnung tritt am 15.06.2020 au\u00dfer Kraft und kann jederzeit vom Sozialministerium ge\u00e4ndert werden.<\/p>\n\n\n<p>Somit ist es uns aktuell unm\u00f6glich einen Termin f\u00fcr die Wiederer\u00f6ffnung zu nennen!<\/p>\n\n\n<p><strong>Wir bitten Euch deshalb von Herzen: Nehmt diese Situation ernst und befolgt die offiziellen Empfehlungen so gut wie m\u00f6glich. <\/strong>Wenn sich zum Wohle der \u00e4lteren Bev\u00f6lkerung und der Menschen mit Vorerkrankungen alle einschr\u00e4nken, kann es gelingen, die Auswirkungen des Virus in Deutschland zu begrenzen, welcher sich zu einer weltweiten Pandemie ausgeweitet hat.<\/p>\n\n\n<p><strong>Wir sind sehr traurig und haben, wie alle Unternehmen \u201eExistenz\u00e4ngste\u201c (bisher gibt es keine Soforthilfe von der Regierung f\u00fcr das Land Baden-W\u00fcrttemberg\u201c)<\/strong><\/p>\n\n\n<p>und uns ist klar, dass diese Ma\u00dfnahmen gravierende Eingriffe in unsere pers\u00f6nlichen Freiheiten darstellen und gro\u00dfe pers\u00f6nliche und auch finanzielle Einschr\u00e4nkungen<br>mit sich bringen. Die Reduzierung pers\u00f6nlicher Kontakte und die Befolgung der hygienischen Empfehlungen sind aber im Moment die einzigen Mittel, die uns zur Begrenzung der weiteren Ausweitung des Virus zur Verf\u00fcgung stehen.<\/p>\n\n\n<p><strong>Nur wenn wir in dieser absoluten Au\u00dfnahmesituation alle zusammenhalten, und uns an alle Anweisungen und Regeln halten \u2013 k\u00f6nnen wir diese Pandemie baldm\u00f6glichst eind\u00e4mmen und auch unser Fitnessstudio baldm\u00f6glichst (vielleicht zum 20.04.2020?!) wieder \u00f6ffnen!<\/strong><\/p>\n\n\n<p>Wir halten euch auf jeden Fall \u00fcber \u00c4nderungen \u00fcber&nbsp;Social&nbsp;Media und unsere Homepage auf dem Laufenden.<\/p>\n\n\n<p><strong><em><u>Mach dir bitte keine Sorgen um deinen Mitgliedsbeitrag!<\/u><\/em><\/strong><\/p>\n\n\n<p>Selbstverst\u00e4ndlich wollen wir, dass du keinen Nachteil dadurch erlangst und werden dir am Ende deiner Mitgliedschaft die gesamte Dauer der jetzigen Schlie\u00dfung verg\u00fcten!!<\/p>\n\n\n<p>Sollte es sich um einen l\u00e4ngeren Zeitraum handeln (was wir wirklich nicht hoffen), werden wir euch monatlich \u00fcber das weitere Vorgehen informieren.<\/p>\n\n\n<p>Wir hoffen auf euer Verst\u00e4ndnis und nat\u00fcrlich freuen wir uns Euch bald wieder in<\/p>\n\n\n<p>unserem Studio trainieren zu sehen.<\/p>\n\n\n<p>Mit sportlichen Gr\u00fc\u00dfen <\/p>\n\n\n<p>Euer fitnessplanet Team <\/p>\n\n\n<p><\/p>\n","protected":false},"excerpt":{"rendered":"<p>Landesregierung beschlie\u00dft Ma\u00dfnahmen gegen die Ausbreitung des Coronavirus! Liebes Mitglied, die Landesregierung hat in einer erneuten Rechtsverordnung die infektionssch\u00fctzende Ma\u00dfnahmen angepasst. Die neuen Regelungen gelten ab Mittwoch, den 18. M\u00e4rz 2020. Um die weitere Ausbreitung des Corona-Virus zu verlangsamen, werden Einrichtungen und Gesch\u00e4fte in gro\u00dfem Umfang geschlossen! Der Betrieb verschiedensten Einrichtungen (dies betrifft u. a. [&hellip;]<\/p>\n","protected":false},"author":3,"featured_media":2792,"comment_status":"closed","ping_status":"closed","sticky":true,"template":"","format":"standard","meta":{"footnotes":""},"categories":[24],"tags":[],"class_list":["post-2793","post","type-post","status-publish","format-standard","has-post-thumbnail","hentry","category-allgemein"],"_links":{"self":[{"href":"https:\/\/fitnessplanet-wernau.de\/index.php?rest_route=\/wp\/v2\/posts\/2793","targetHints":{"allow":["GET"]}}],"collection":[{"href":"https:\/\/fitnessplanet-wernau.de\/index.php?rest_route=\/wp\/v2\/posts"}],"about":[{"href":"https:\/\/fitnessplanet-wernau.de\/index.php?rest_route=\/wp\/v2\/types\/post"}],"author":[{"embeddable":true,"href":"https:\/\/fitnessplanet-wernau.de\/index.php?rest_route=\/wp\/v2\/users\/3"}],"replies":[{"embeddable":true,"href":"https:\/\/fitnessplanet-wernau.de\/index.php?rest_route=%2Fwp%2Fv2%2Fcomments&post=2793"}],"version-history":[{"count":3,"href":"https:\/\/fitnessplanet-wernau.de\/index.php?rest_route=\/wp\/v2\/posts\/2793\/revisions"}],"predecessor-version":[{"id":2797,"href":"https:\/\/fitnessplanet-wernau.de\/index.php?rest_route=\/wp\/v2\/posts\/2793\/revisions\/2797"}],"wp:featuredmedia":[{"embeddable":true,"href":"https:\/\/fitnessplanet-wernau.de\/index.php?rest_route=\/wp\/v2\/media\/2792"}],"wp:attachment":[{"href":"https:\/\/fitnessplanet-wernau.de\/index.php?rest_route=%2Fwp%2Fv2%2Fmedia&parent=2793"}],"wp:term":[{"taxonomy":"category","embeddable":true,"href":"https:\/\/fitnessplanet-wernau.de\/index.php?rest_route=%2Fwp%2Fv2%2Fcategories&post=2793"},{"taxonomy":"post_tag","embeddable":true,"href":"https:\/\/fitnessplanet-wernau.de\/index.php?rest_route=%2Fwp%2Fv2%2Ftags&post=2793"}],"curies":[{"name":"wp","href":"https:\/\/api.w.org\/{rel}","templated":true}]}}