{"id":2933,"date":"2020-05-14T22:47:58","date_gmt":"2020-05-14T21:47:58","guid":{"rendered":"http:\/\/fitnessplanet-wernau.de\/?p=2933"},"modified":"2020-05-31T14:23:00","modified_gmt":"2020-05-31T13:23:00","slug":"2933","status":"publish","type":"post","link":"https:\/\/fitnessplanet-wernau.de\/?p=2933","title":{"rendered":"Wiederer\u00f6ffnung! Ab 02.06.2020 &#8211; wir freuen uns auf Euch!"},"content":{"rendered":"<hr>\n<hr>\n<hr>\n<p style=\"text-align: left\"><strong>Aktuelle Informationen (Corona) zur Wiederer\u00f6ffnung unseres&nbsp;Fitnessplanets im sch\u00f6nen Baden-W\u00fcrttemberg!<\/strong><\/p>\n<p>In der neuen Rechtsverordnung des Landes Baden-W\u00fcrttemberg wird in Aussicht gestellt, dass auch Fitnessstudios in Baden-W\u00fcrttemberg&nbsp;<strong>zu oder nach Pfingsten wieder \u00f6ffnen d\u00fcrfen.<\/strong><\/p>\n<p>UPDATE &#8211; Ab 02.06.2020 d\u00fcrfen wir unser Studio wieder \u00f6ffnen!<\/p>\n<p>Hygienema\u00dfnahmen sind bei uns bisher bereits selbstverst\u00e4ndlich!<\/p>\n<p>Sobald uns das g\u00fcltige Hygienekonzept bekannt gegeben wird, werden wir euch informieren.<\/p>\n<p>Wir m\u00f6chten nochmal Danke sagen -Danke das Ihr zu uns steht auch in Krisenzeiten!<\/p>\n<p>Wir freuen uns, dass auch wir bald wieder \u00f6ffnen d\u00fcrfen.<\/p>\n<p>Wie ihr euch vorstellen k\u00f6nnt, sind wir auf jeden einzelnen Beitrag von euch angewiesen. Deshalb w\u00fcrden wir euch bitten, die Zahlungen nicht einzustellen. Bitte kontaktiert uns via email oder Telefon falls es Euch nicht m\u00f6glich ist den Beitrag weiter zu leisten und gebt die Lastschrift bitte aus Kostengr\u00fcnden nicht zur\u00fcck!<\/p>\n<p>Selbstverst\u00e4ndlich soll Euch deshalb kein Nachteil entstehen und deshalb werden wir Euch die geleisteten Beitr\u00e4ge f\u00fcr die gesamte Dauer der jetzigen Schlie\u00dfung verg\u00fcten!!<\/p>\n<p>OPTIONEN der Verg\u00fctung nach der Corona Krise:<\/p>\n<p>1.) Trainingsaufnahme und Wahl der Beitragsaussetzung<\/p>\n<p>f\u00fcr den Zeitraum der angeordneten Schlie\u00dfung.<\/p>\n<p>2.) Ihr d\u00fcrft eine Person eurer Wahl mit ins Training bringen<\/p>\n<p>f\u00fcr den Zeitraum der angeordneten Schlie\u00dfung.<\/p>\n<p>3.) Verzehrguthaben \u2026<\/p>\n<p>F\u00fcr erg\u00e4nzende Ausk\u00fcnfte kontaktiert uns doch bitte&#8230;.<\/p>\n<p>Wir freuen uns auf Euch, um mit Kraft-\/und Fitnesstraining, Muskulatur aufzubauen, das Immunsystem zu st\u00e4rken &#8211; damit der Virus keine Chance hat!<\/p>\n<p>Nicht zu vergessen unser Beweglichkeitstraining mit Five &#8230;.<\/p>\n<p>Bleibt gesund mit sportlichen Gr\u00fc\u00dfen<\/p>\n<p>Euer fitnessplanet Team<\/p>\n<p>\u200d\u2642\u200d\u2642<\/p>\n<hr>\n<hr>\n<hr>\n","protected":false},"excerpt":{"rendered":"<p>Aktuelle Informationen (Corona) zur Wiederer\u00f6ffnung unseres&nbsp;Fitnessplanets im sch\u00f6nen Baden-W\u00fcrttemberg! In der neuen Rechtsverordnung des Landes Baden-W\u00fcrttemberg wird in Aussicht gestellt, dass auch Fitnessstudios in Baden-W\u00fcrttemberg&nbsp;zu oder nach Pfingsten wieder \u00f6ffnen d\u00fcrfen. UPDATE &#8211; Ab 02.06.2020 d\u00fcrfen wir unser Studio wieder \u00f6ffnen! Hygienema\u00dfnahmen sind bei uns bisher bereits selbstverst\u00e4ndlich! Sobald uns das g\u00fcltige Hygienekonzept bekannt gegeben [&hellip;]<\/p>\n","protected":false},"author":3,"featured_media":0,"comment_status":"closed","ping_status":"closed","sticky":true,"template":"","format":"standard","meta":{"footnotes":""},"categories":[24],"tags":[],"class_list":["post-2933","post","type-post","status-publish","format-standard","hentry","category-allgemein"],"_links":{"self":[{"href":"https:\/\/fitnessplanet-wernau.de\/index.php?rest_route=\/wp\/v2\/posts\/2933","targetHints":{"allow":["GET"]}}],"collection":[{"href":"https:\/\/fitnessplanet-wernau.de\/index.php?rest_route=\/wp\/v2\/posts"}],"about":[{"href":"https:\/\/fitnessplanet-wernau.de\/index.php?rest_route=\/wp\/v2\/types\/post"}],"author":[{"embeddable":true,"href":"https:\/\/fitnessplanet-wernau.de\/index.php?rest_route=\/wp\/v2\/users\/3"}],"replies":[{"embeddable":true,"href":"https:\/\/fitnessplanet-wernau.de\/index.php?rest_route=%2Fwp%2Fv2%2Fcomments&post=2933"}],"version-history":[{"count":6,"href":"https:\/\/fitnessplanet-wernau.de\/index.php?rest_route=\/wp\/v2\/posts\/2933\/revisions"}],"predecessor-version":[{"id":2941,"href":"https:\/\/fitnessplanet-wernau.de\/index.php?rest_route=\/wp\/v2\/posts\/2933\/revisions\/2941"}],"wp:attachment":[{"href":"https:\/\/fitnessplanet-wernau.de\/index.php?rest_route=%2Fwp%2Fv2%2Fmedia&parent=2933"}],"wp:term":[{"taxonomy":"category","embeddable":true,"href":"https:\/\/fitnessplanet-wernau.de\/index.php?rest_route=%2Fwp%2Fv2%2Fcategories&post=2933"},{"taxonomy":"post_tag","embeddable":true,"href":"https:\/\/fitnessplanet-wernau.de\/index.php?rest_route=%2Fwp%2Fv2%2Ftags&post=2933"}],"curies":[{"name":"wp","href":"https:\/\/api.w.org\/{rel}","templated":true}]}}