{"id":449,"date":"2013-08-31T19:37:24","date_gmt":"2013-08-31T19:37:24","guid":{"rendered":"http:\/\/fitnessplanet-gmbh.de\/?p=449"},"modified":"2013-09-20T20:23:03","modified_gmt":"2013-09-20T20:23:03","slug":"der-rote-punkt","status":"publish","type":"post","link":"https:\/\/fitnessplanet-wernau.de\/?p=449","title":{"rendered":"Der rote Punkt"},"content":{"rendered":"<h2>Endlich ist es soweit &#8211; wir haben den roten Punkt erhalten<\/h2>\n<p>und somit ist es jetzt offiziell &#8230;<br \/>\nWir werden mit unserem Studio in ein gr\u00f6\u00dferes und neues Fitness-\/Gesundheitszentrum ein paar hundert Meter weiter nach Wernau, Antoniusstra\u00dfe 21 umziehen!<br \/>\nDie Planungen sind zum gr\u00f6\u00dften Teil abgeschlossen und mit der Umbauphase wird demn\u00e4chst begonnen!<br \/>\nBez\u00fcglich der Fertigstellung informieren wir euch noch.<\/p>\n<p>Sportliche Gr\u00fc\u00dfe<\/p>\n<h4>euer fitnessplanet Team.<\/h4>\n<p>Neu: XSAM Vibrationstraining jetzt bei uns!<br \/>\nF\u00fcr Informationen stehen wir euch gerne zur Verf\u00fcgung!<\/p>\n","protected":false},"excerpt":{"rendered":"<p>Endlich ist es soweit &#8211; wir haben den roten Punkt erhalten und somit ist es jetzt offiziell &#8230; Wir werden mit unserem Studio in ein gr\u00f6\u00dferes und neues Fitness-\/Gesundheitszentrum ein paar hundert Meter weiter nach Wernau, Antoniusstra\u00dfe 21 umziehen! Die Planungen sind zum gr\u00f6\u00dften Teil abgeschlossen und mit der Umbauphase wird demn\u00e4chst begonnen! Bez\u00fcglich der [&hellip;]<\/p>\n","protected":false},"author":1,"featured_media":0,"comment_status":"closed","ping_status":"closed","sticky":false,"template":"","format":"standard","meta":{"footnotes":""},"categories":[25],"tags":[],"class_list":["post-449","post","type-post","status-publish","format-standard","hentry","category-bautagebuch"],"_links":{"self":[{"href":"https:\/\/fitnessplanet-wernau.de\/index.php?rest_route=\/wp\/v2\/posts\/449","targetHints":{"allow":["GET"]}}],"collection":[{"href":"https:\/\/fitnessplanet-wernau.de\/index.php?rest_route=\/wp\/v2\/posts"}],"about":[{"href":"https:\/\/fitnessplanet-wernau.de\/index.php?rest_route=\/wp\/v2\/types\/post"}],"author":[{"embeddable":true,"href":"https:\/\/fitnessplanet-wernau.de\/index.php?rest_route=\/wp\/v2\/users\/1"}],"replies":[{"embeddable":true,"href":"https:\/\/fitnessplanet-wernau.de\/index.php?rest_route=%2Fwp%2Fv2%2Fcomments&post=449"}],"version-history":[{"count":22,"href":"https:\/\/fitnessplanet-wernau.de\/index.php?rest_route=\/wp\/v2\/posts\/449\/revisions"}],"predecessor-version":[{"id":1235,"href":"https:\/\/fitnessplanet-wernau.de\/index.php?rest_route=\/wp\/v2\/posts\/449\/revisions\/1235"}],"wp:attachment":[{"href":"https:\/\/fitnessplanet-wernau.de\/index.php?rest_route=%2Fwp%2Fv2%2Fmedia&parent=449"}],"wp:term":[{"taxonomy":"category","embeddable":true,"href":"https:\/\/fitnessplanet-wernau.de\/index.php?rest_route=%2Fwp%2Fv2%2Fcategories&post=449"},{"taxonomy":"post_tag","embeddable":true,"href":"https:\/\/fitnessplanet-wernau.de\/index.php?rest_route=%2Fwp%2Fv2%2Ftags&post=449"}],"curies":[{"name":"wp","href":"https:\/\/api.w.org\/{rel}","templated":true}]}}